{"id":344,"date":"2021-12-17T17:31:03","date_gmt":"2021-12-17T16:31:03","guid":{"rendered":"https:\/\/catherine-digard.fr\/cv-wordpress\/?p=344"},"modified":"2021-12-17T18:57:08","modified_gmt":"2021-12-17T17:57:08","slug":"flyer-de-la-rando-de-lenigme","status":"publish","type":"post","link":"https:\/\/catherine-digard.fr\/cv-wordpress\/2021\/12\/17\/flyer-de-la-rando-de-lenigme\/","title":{"rendered":"Flyer de la rando de l&rsquo;\u00e9nigme \u00ab\u00a0Mairie de Veuzain-sur-Loire\u00a0\u00bb"},"content":{"rendered":"\n<p class=\"wp-block-paragraph\">A l&rsquo;origine, cette demande a \u00e9t\u00e9 faite \u00e0 partir d&rsquo;un  flyer existant de \u00ab\u00a0la chasse au tr\u00e9sor\u00a0\u00bb r\u00e9alis\u00e9 par l&rsquo;USEP41. Ce flyer a \u00e9volu\u00e9 vers la rando de l&rsquo;\u00e9nigme car il s&rsquo;est av\u00e9r\u00e9 qu&rsquo;il n&rsquo;y avait pas de tr\u00e9sor \u00e0 trouver.<\/p>\n\n\n\n<p class=\"wp-block-paragraph\">Le document d\u2019origine a \u00e9t\u00e9 r\u00e9alis\u00e9 par Madame Val\u00e9rie BOITEL dans le cadre de l\u2019USEP41. Les 2 jeux sont des documents \u00e0 usage local.<br>Elle les donne \u00e0 la commune de Veuzain-sur-Loire afin qu\u2019ils soient partag\u00e9s et utilis\u00e9s par les enfants de la commune.<br>Le but de cette nouvelle pr\u00e9sentation est de cr\u00e9er un flyer \u00abcustomis\u00e9\u00bb avec les couleurs du logo de Veuzain-sur-Loire et aussi d\u2019y apporter une approche plus ludique et moins scolaire.<\/p>\n\n\n\n<figure class=\"wp-block-gallery columns-3 is-cropped wp-block-gallery-1 is-layout-flex wp-block-gallery-is-layout-flex\"><ul class=\"blocks-gallery-grid\"><li class=\"blocks-gallery-item\"><figure><img loading=\"lazy\" decoding=\"async\" width=\"1024\" height=\"723\" src=\"https:\/\/catherine-digard.fr\/cv-wordpress\/wp-content\/uploads\/2021\/12\/verso-1024x723.jpg\" alt=\"\" data-id=\"347\" data-full-url=\"https:\/\/catherine-digard.fr\/cv-wordpress\/wp-content\/uploads\/2021\/12\/verso.jpg\" data-link=\"https:\/\/catherine-digard.fr\/cv-wordpress\/2021\/12\/17\/flyer-de-la-rando-de-lenigme\/verso\/\" class=\"wp-image-347\" srcset=\"https:\/\/catherine-digard.fr\/cv-wordpress\/wp-content\/uploads\/2021\/12\/verso-1024x723.jpg 1024w, https:\/\/catherine-digard.fr\/cv-wordpress\/wp-content\/uploads\/2021\/12\/verso-300x212.jpg 300w, https:\/\/catherine-digard.fr\/cv-wordpress\/wp-content\/uploads\/2021\/12\/verso-768x542.jpg 768w, https:\/\/catherine-digard.fr\/cv-wordpress\/wp-content\/uploads\/2021\/12\/verso.jpg 1248w\" sizes=\"auto, (max-width: 1024px) 100vw, 1024px\" \/><\/figure><\/li><li class=\"blocks-gallery-item\"><figure><img loading=\"lazy\" decoding=\"async\" width=\"619\" height=\"879\" src=\"https:\/\/catherine-digard.fr\/cv-wordpress\/wp-content\/uploads\/2021\/12\/solution.jpg\" alt=\"\" data-id=\"346\" data-full-url=\"https:\/\/catherine-digard.fr\/cv-wordpress\/wp-content\/uploads\/2021\/12\/solution.jpg\" data-link=\"https:\/\/catherine-digard.fr\/cv-wordpress\/2021\/12\/17\/flyer-de-la-rando-de-lenigme\/solution\/\" class=\"wp-image-346\" srcset=\"https:\/\/catherine-digard.fr\/cv-wordpress\/wp-content\/uploads\/2021\/12\/solution.jpg 619w, https:\/\/catherine-digard.fr\/cv-wordpress\/wp-content\/uploads\/2021\/12\/solution-211x300.jpg 211w\" sizes=\"auto, (max-width: 619px) 100vw, 619px\" \/><\/figure><\/li><li class=\"blocks-gallery-item\"><figure><img loading=\"lazy\" decoding=\"async\" width=\"1024\" height=\"725\" src=\"https:\/\/catherine-digard.fr\/cv-wordpress\/wp-content\/uploads\/2021\/12\/recto-1024x725.jpg\" alt=\"\" data-id=\"345\" data-full-url=\"https:\/\/catherine-digard.fr\/cv-wordpress\/wp-content\/uploads\/2021\/12\/recto.jpg\" data-link=\"https:\/\/catherine-digard.fr\/cv-wordpress\/2021\/12\/17\/flyer-de-la-rando-de-lenigme\/recto\/\" class=\"wp-image-345\" srcset=\"https:\/\/catherine-digard.fr\/cv-wordpress\/wp-content\/uploads\/2021\/12\/recto-1024x725.jpg 1024w, https:\/\/catherine-digard.fr\/cv-wordpress\/wp-content\/uploads\/2021\/12\/recto-300x212.jpg 300w, https:\/\/catherine-digard.fr\/cv-wordpress\/wp-content\/uploads\/2021\/12\/recto-768x544.jpg 768w, https:\/\/catherine-digard.fr\/cv-wordpress\/wp-content\/uploads\/2021\/12\/recto.jpg 1241w\" sizes=\"auto, (max-width: 1024px) 100vw, 1024px\" \/><\/figure><\/li><\/ul><\/figure>\n","protected":false},"excerpt":{"rendered":"<p>A l&rsquo;origine, cette demande a \u00e9t\u00e9 faite \u00e0 partir d&rsquo;un flyer existant de \u00ab\u00a0la chasse au tr\u00e9sor\u00a0\u00bb r\u00e9alis\u00e9 par l&rsquo;USEP41. Ce flyer a \u00e9volu\u00e9 vers [&hellip;]<\/p>\n","protected":false},"author":1,"featured_media":363,"comment_status":"open","ping_status":"open","sticky":false,"template":"","format":"standard","meta":{"footnotes":""},"categories":[7],"tags":[],"class_list":["post-344","post","type-post","status-publish","format-standard","has-post-thumbnail","hentry","category-indesign"],"_links":{"self":[{"href":"https:\/\/catherine-digard.fr\/cv-wordpress\/wp-json\/wp\/v2\/posts\/344","targetHints":{"allow":["GET"]}}],"collection":[{"href":"https:\/\/catherine-digard.fr\/cv-wordpress\/wp-json\/wp\/v2\/posts"}],"about":[{"href":"https:\/\/catherine-digard.fr\/cv-wordpress\/wp-json\/wp\/v2\/types\/post"}],"author":[{"embeddable":true,"href":"https:\/\/catherine-digard.fr\/cv-wordpress\/wp-json\/wp\/v2\/users\/1"}],"replies":[{"embeddable":true,"href":"https:\/\/catherine-digard.fr\/cv-wordpress\/wp-json\/wp\/v2\/comments?post=344"}],"version-history":[{"count":4,"href":"https:\/\/catherine-digard.fr\/cv-wordpress\/wp-json\/wp\/v2\/posts\/344\/revisions"}],"predecessor-version":[{"id":359,"href":"https:\/\/catherine-digard.fr\/cv-wordpress\/wp-json\/wp\/v2\/posts\/344\/revisions\/359"}],"wp:featuredmedia":[{"embeddable":true,"href":"https:\/\/catherine-digard.fr\/cv-wordpress\/wp-json\/wp\/v2\/media\/363"}],"wp:attachment":[{"href":"https:\/\/catherine-digard.fr\/cv-wordpress\/wp-json\/wp\/v2\/media?parent=344"}],"wp:term":[{"taxonomy":"category","embeddable":true,"href":"https:\/\/catherine-digard.fr\/cv-wordpress\/wp-json\/wp\/v2\/categories?post=344"},{"taxonomy":"post_tag","embeddable":true,"href":"https:\/\/catherine-digard.fr\/cv-wordpress\/wp-json\/wp\/v2\/tags?post=344"}],"curies":[{"name":"wp","href":"https:\/\/api.w.org\/{rel}","templated":true}]}}